{"id":32355,"date":"2021-07-01T16:16:24","date_gmt":"2021-07-01T14:16:24","guid":{"rendered":"https:\/\/visitsirmione.com\/sirmione-in-scena-nel-segno-di-maria-callas-e-dei-giovani-si-rinnova-il-festival-del-teatro-di-figura-luglio-2021\/"},"modified":"2022-02-22T16:59:42","modified_gmt":"2022-02-22T15:59:42","slug":"sirmione-in-scena-nel-segno-di-maria-callas-e-dei-giovani-si-rinnova-il-festival-del-teatro-di-figura-luglio-2021","status":"publish","type":"post","link":"https:\/\/visitsirmione.com\/en\/sirmione-in-scena-nel-segno-di-maria-callas-e-dei-giovani-si-rinnova-il-festival-del-teatro-di-figura-luglio-2021\/","title":{"rendered":"Sirmione in Scena: nel segno di Maria Callas e dei giovani si rinnova il festival del teatro di figura"},"content":{"rendered":"<p><img loading=\"lazy\" decoding=\"async\" class=\"editor-img alignnone wp-image-32317 size-large\" src=\"https:\/\/visitsirmione.com\/wp-content\/uploads\/2021\/07\/8x2-sirmione-in-scena-under-35-2021-826x207.jpg\" alt=\"\" width=\"826\" height=\"207\" srcset=\"https:\/\/visitsirmione.com\/wp-content\/uploads\/2021\/07\/8x2-sirmione-in-scena-under-35-2021-826x207.jpg 826w, https:\/\/visitsirmione.com\/wp-content\/uploads\/2021\/07\/8x2-sirmione-in-scena-under-35-2021-568x142.jpg 568w, https:\/\/visitsirmione.com\/wp-content\/uploads\/2021\/07\/8x2-sirmione-in-scena-under-35-2021-374x94.jpg 374w, https:\/\/visitsirmione.com\/wp-content\/uploads\/2021\/07\/8x2-sirmione-in-scena-under-35-2021-794x199.jpg 794w, https:\/\/visitsirmione.com\/wp-content\/uploads\/2021\/07\/8x2-sirmione-in-scena-under-35-2021.jpg 1200w\" sizes=\"auto, (max-width: 826px) 100vw, 826px\" \/><\/p>\n<p>Nel segno di Maria Callas e dei giovani si rinnova completamente <strong>Sirmione in Scena<\/strong>, lo storico festival sirmionese del teatro di figura: in cartellone <strong>8 compagnie under 35 selezionate da Maurizio Corniani proporranno spettacoli ricchi di contaminazioni espressive protagoniste di un teatro di figura nuovo, sorprendente, moderno ed emozionante.<\/strong><\/p>\n<p>Giunta alla sua XXII edizione, la rassegna di teatro di figura <strong>Sirmione in Scena<\/strong> assume un importante ruolo all&#8217;interno di <a href=\"https:\/\/visitsirmione.com\/cosa-fare\/sirmione-citta-di-maria-callas\/\" target=\"_blank\" rel=\"noopener\"><strong>Sirmione Callas 21\u202223<\/strong><\/a>, il prestigioso calendario di iniziative culturali ideato e organizzato dall\u2019Amministrazione Comunale di Sirmione, che intreccer\u00e0 nell\u2019arco di un triennio, musica, arte, fotografia e teatro.<\/p>\n<p class=\"p2\">La rassegna, che ha ottenuto il patrocinio della sezione Italiana dell\u2019Unione Internazionale delle Marionette, sar\u00e0 seguita dai giornalisti dell\u2019Associazione Nazionale Critici di Teatro, che amplificheranno il valore degli spettacoli anche in connessione con i luoghi straordinari in cui saranno portati in scena.<span class=\"Apple-converted-space\">\u00a0<\/span><\/p>\n<p><strong>IL CALENDARIO<\/strong><br \/>\n<strong>sirmionebs.it<\/strong><\/p>\n<p>5 luglio, ore 21:30, Piazza Mercato: <strong>C&#8217;era una volta un castello cerato<\/strong>. I burattini di Mattia Zecchi<br \/>\n6 luglio, ore 21:30, Lungolago di Lugana: <strong>Gioppino e la spada magica<\/strong>. I Burattini di Cristian<br \/>\n12 luglio, ore 21:30, Lungolago di Lugana: <strong>L&#8217;albero della fortuna<\/strong>. I Burattini di Mattia Zecchi<br \/>\n13 luglio, ore 21:30, Parco San Vito: <strong>PuntinDelFaroBellaVistaSulMar<\/strong>. Silvia de Bastiani<br \/>\n19 luglio, ore 21:30, Piazza Mercato: <strong>Meneghino nel regno dei Sempreallegri<\/strong>. Burattini Aldrighi<br \/>\n20 luglio, ore 21:30, Parco San Vito: <strong>Figurine<\/strong>. Officine Tok<br \/>\n26 luglio, ore 21:30, Lungolago di Lugana: <strong>Un&#8217;altra notte<\/strong>. Marzia Pellegrini e Riccardo Trovato<br \/>\n27 Luglio, ore 21:30 Lungolago di Lugana: <strong>Shakespeare in socks<\/strong>, the greatest show ever. ILINX<\/p>\n<p>2, 9, 16 e 23 agosto, ore 21:300, Parco Don Lino Zorzi: <strong>Uno sciame di burattini<\/strong>. Burattini in viaggio su 3 ruote e un ape. Centro Teatrale Corniani<\/p>\n<p><a href=\"https:\/\/visitsirmione.com\/wp-content\/uploads\/2021\/07\/SirmioneInScenaLocandina_21-0586.pdf\" target=\"_blank\" rel=\"noopener\"><strong>Sirmione in Scena: la locandina stampabile<\/strong><\/a><\/p>\n<p><strong><a href=\"#SCHEDESPETTACOLI\">Sirmione in Scena: le schede degli spettacoli<\/a><\/strong><\/p>\n<p><img loading=\"lazy\" decoding=\"async\" class=\"editor-img alignnone wp-image-32321 size-large\" src=\"https:\/\/visitsirmione.com\/wp-content\/uploads\/2021\/07\/SirmioneInScenaLocandina_2021-0586-826x1178.jpg\" alt=\"\" width=\"826\" height=\"1178\" srcset=\"https:\/\/visitsirmione.com\/wp-content\/uploads\/2021\/07\/SirmioneInScenaLocandina_2021-0586-826x1178.jpg 826w, https:\/\/visitsirmione.com\/wp-content\/uploads\/2021\/07\/SirmioneInScenaLocandina_2021-0586-398x568.jpg 398w, https:\/\/visitsirmione.com\/wp-content\/uploads\/2021\/07\/SirmioneInScenaLocandina_2021-0586-262x374.jpg 262w, https:\/\/visitsirmione.com\/wp-content\/uploads\/2021\/07\/SirmioneInScenaLocandina_2021-0586-348x496.jpg 348w, https:\/\/visitsirmione.com\/wp-content\/uploads\/2021\/07\/SirmioneInScenaLocandina_2021-0586-1077x1536.jpg 1077w, https:\/\/visitsirmione.com\/wp-content\/uploads\/2021\/07\/SirmioneInScenaLocandina_2021-0586.jpg 1200w\" sizes=\"auto, (max-width: 826px) 100vw, 826px\" \/><\/p>\n<h2 id=\"SCHEDESPETTACOLI\">LE SCHEDE DEGLI SPETTACOLI<\/h2>\n<p><strong>Luned\u00ec 5 Luglio 2021 ore 21:30, Piazza Mercato<\/strong><br \/>\n<strong>C&#8217;era una volta un Castello Cerato<\/strong><br \/>\n<strong>I burattini di Mattia Zecchi<\/strong><br \/>\n<em>La Divina emozione. Sirmione Callas 21 23<\/em><br \/>\nIl Duca di Rosapina, giovane ereditiere, \u00e8 un uomo ricco e spietato. Sempre pronto ad attaccar briga ed usare la prepotenza con tutti per ottenere i suoi scopi. Terribilmente avaro, gli importa solo della sua ricchezza e del denaro. Sandrone, suo servitore, \u00e8 calpestato e umiliato costantemente dal Duca, al quale non gli importa di nulla e di nessuno.<br \/>\nFino a quando, un giorno, si presenter\u00e0 davanti a lui il Mago Arcano, che lo condanner\u00e0 ad una tremenda punizione. Dovr\u00e0 vagare nel suo castello sotto le sembianze di scheletro, fino a quando qualcuno non avr\u00e0 il coraggio di fargli la barba.<br \/>\nFagiolino, povero, squattrinato e in fuga dalle guardie, accetter\u00e0 di tentare l&#8217;impresa per potersi salvare dalla galera. Sopravvivr\u00e0 Fagiolino e riuscir\u00e0 a superare anche questa avventura?<\/p>\n<p><strong>Marted\u00ec 6 luglio ore 21:30, Lungolago di Lugana<\/strong><br \/>\n<strong>Gioppino e la spada magica<br \/>\nI Burattini di Cristian<\/strong><br \/>\n<em>La Divina emozione. Sirmione Callas 21 23<br \/>\n<\/em>La compagnia \u00e8 pronta a farvi divertire con i suoi spettacoli, con protagonista la maschera di Gioppino, contadino bergamasco.<br \/>\nLe storie di Gioppino sono adatte per un pubblico di tutte le et\u00e0.<\/p>\n<p><strong>Luned\u00ec 12 luglio ore 21:30, Lungolago di Lugana<\/strong><br \/>\n<strong>L&#8217;Albero della Fortuna<\/strong><br \/>\n<strong>I burattini di Mattia Zecchi<br \/>\n<\/strong><em>La Divina emozione. Sirmione Callas 21 23<br \/>\n<\/em>Una principessa stregata, un mago cattivo, il Cavaliere Nero, un albero fatato\u2026questi sono gli ingredienti dell\u2019ultima incredibile avventura piena di sorprese e colpi di scena che vede coinvolto il nostro eroe Fagiolino.<\/p>\n<p><strong>Marted\u00ec 13 luglio ore 21:30, Parco San Vito<br \/>\nPuntinDelFaroBellaVistaSulMar &#8211; Rimandato, a causa del maltempo, a domenica 1\u00b0 agosto in Lungolago di Lugana<br \/>\nSilvia de Bastiani<br \/>\n<\/strong><em>La Divina emozione. Sirmione Callas 21 23<br \/>\n<\/em>I bambini vogliono tornare a scuola. Questa \u00e8 la loro storia. Hanno di fronte l&#8217;estate per prepararsi alla riapertura. Scritto in tempi non sospetti, Puntindelfarobellavistasulmar anticipa quanto la primavera del duemilaventi ha segnato nella vita dei bambini di tutto il mondo. Con un finale di riscossa.<\/p>\n<p><strong>Luned\u00ec 19 luglio ore 21:30, Piazza Mercato<br \/>\nMeneghino nel Regno dei Sempreallegri<br \/>\nBurattini Aldrighi<br \/>\n<\/strong><em>La Divina emozione. Sirmione Callas 21 23<br \/>\n<\/em>Spettacoli di burattini tradizionali con personaggi della commedia dell&#8217;Arte.<br \/>\nValerio Sacc\u00e0, allievo di Daniele Cortesi e Giacomo Onofrio, scrive, scolpisce i suoi Burattini nel profumato legno di cirmolo, dipinge i fondali e ne cura la regia.<br \/>\nProtagonista indiscusso dei suoi spettacoli, oltre a Brighella e Arlecchino, e&#8217; Meneghin Pecenna, Meneghino.<br \/>\nQuesta antica maschera viene spesso fatta discendere dal Menego del Ruzzante anche se si caratterizza maggiormente sul finire del 600 con Carlo Maria Maggi dove diviene Eroe borghese, carattere che agisce sempre nel giusto e mai per convenienza personale. Si distanzia inoltre dal classico servitore per coraggio e bont\u00e0.<\/p>\n<p><strong>Marted\u00ec 20 luglio ore 21:30, Parco San Vito<br \/>\nFigurine<br \/>\nOfficine Tok<br \/>\n<\/strong><em>La Divina emozione. Sirmione Callas 21 23<br \/>\n<\/em><span class=\"fontstyle0\">Figurine racconta la storia di Luna.<br \/>\nLuna ha un sogno nel cassetto ma non sa quale sia.<br \/>\nLuna \u00e8 una femmina e in quanto tale deve sognare cose da femmina, glielo dicono tutti, alcuni hanno anche la ricetta per poter creare il sogno giusto, quello che ti calza perfettamente, lei ci prova e riprova ma nel suo viaggio di crescita le cose non andranno come tutti si aspettano, perch\u00e9 Luna ha un sogno tutto suo, ma spesso le parole per saper raccontare i propri sogni si scontrano con le aspettative di tutti coloro che ti circondano. Luna \u00e8 sola, questo \u00e8 l\u2019aspetto sul quale ruota tutta la storia proponendo due livelli interpretativi: uno per il pubblico pi\u00f9 giovane che racconta della ricerca del sogno e uno per un pubblico pi\u00f9 adulto che parla della necessit\u00e0 di mettersi in ascolto di questa nuova generazione.<br \/>\nLuna ricostruisce il suo percorso creando un album di figurine, dove i protagonisti sono tutte le persone<br \/>\nche l\u2019hanno aiutata nel suo percorso di crescita. Perch\u00e9 alla fine i miti sono le persone che ti aiutano<br \/>\na crescere.<\/span><\/p>\n<p><strong>Luned\u00ec 26 luglio ore 21:30, Lungolago di Lugana<br \/>\nUn&#8217;altra Notte<br \/>\nMarzia Pellegrini e Riccardo Trovato<br \/>\n<\/strong><em>La Divina emozione. Sirmione Callas 21 23<br \/>\n<\/em>Un\u2019altra notte racconta due grandi momenti della vita: l\u2019infanzia e la terza et\u00e0 per mostrare l\u2019assoluta bellezza di questi momenti al margine della vita. Il progetto vuole rappresentare queste due et\u00e0 molto distanti tra loro ma allo stesso tempo molto vicine, due et\u00e0 semplicemente magiche. Lo spettacolo si pone l\u2019obiettivo di aiutare il pubblico a riscoprire il proprio bambino interiore, da adulti spesso dimenticato.<\/p>\n<p><strong>Marted\u00ec 27 luglio ore 21:30, Lungolago di Lugana<br \/>\nShakespeare in Socks, the greatest show ever<br \/>\nIlinx<br \/>\n<\/strong><em>La Divina emozione. Sirmione Callas 21 23<\/em><strong><br \/>\n<\/strong><\/p>\n<p>&nbsp;<\/p>\n","protected":false},"excerpt":{"rendered":"<p>Nel segno di Maria Callas e dei giovani si rinnova completamente Sirmione in Scena, lo storico festival sirmionese del teatro di figura: in cartellone 8 compagnie under 35 selezionate da Maurizio Corniani proporranno spettacoli ricchi di contaminazioni espressive protagoniste di un teatro di figura nuovo, sorprendente, moderno ed emozionante. Giunta alla sua XXII edizione, la [&hellip;]<\/p>\n","protected":false},"author":2,"featured_media":32320,"comment_status":"closed","ping_status":"open","sticky":false,"template":"","format":"standard","meta":{"_acf_changed":false,"footnotes":""},"categories":[15],"tags":[],"class_list":["post-32355","post","type-post","status-publish","format-standard","has-post-thumbnail","hentry","category-news","liste-cultura","liste-sirmionecallas-2123","liste-teatro-e-danza"],"acf":[],"_links":{"self":[{"href":"https:\/\/visitsirmione.com\/en\/wp-json\/wp\/v2\/posts\/32355","targetHints":{"allow":["GET"]}}],"collection":[{"href":"https:\/\/visitsirmione.com\/en\/wp-json\/wp\/v2\/posts"}],"about":[{"href":"https:\/\/visitsirmione.com\/en\/wp-json\/wp\/v2\/types\/post"}],"author":[{"embeddable":true,"href":"https:\/\/visitsirmione.com\/en\/wp-json\/wp\/v2\/users\/2"}],"replies":[{"embeddable":true,"href":"https:\/\/visitsirmione.com\/en\/wp-json\/wp\/v2\/comments?post=32355"}],"version-history":[{"count":4,"href":"https:\/\/visitsirmione.com\/en\/wp-json\/wp\/v2\/posts\/32355\/revisions"}],"predecessor-version":[{"id":33653,"href":"https:\/\/visitsirmione.com\/en\/wp-json\/wp\/v2\/posts\/32355\/revisions\/33653"}],"wp:featuredmedia":[{"embeddable":true,"href":"https:\/\/visitsirmione.com\/en\/wp-json\/wp\/v2\/media\/32320"}],"wp:attachment":[{"href":"https:\/\/visitsirmione.com\/en\/wp-json\/wp\/v2\/media?parent=32355"}],"wp:term":[{"taxonomy":"category","embeddable":true,"href":"https:\/\/visitsirmione.com\/en\/wp-json\/wp\/v2\/categories?post=32355"},{"taxonomy":"post_tag","embeddable":true,"href":"https:\/\/visitsirmione.com\/en\/wp-json\/wp\/v2\/tags?post=32355"}],"curies":[{"name":"wp","href":"https:\/\/api.w.org\/{rel}","templated":true}]}}