{"id":114425,"date":"2025-10-09T12:11:03","date_gmt":"2025-10-09T10:11:03","guid":{"rendered":"https:\/\/visitsirmione.com\/?p=114425"},"modified":"2025-10-09T12:20:03","modified_gmt":"2025-10-09T10:20:03","slug":"lautunno-in-mille-scatti-sirmione-capitale-della-fotografia-ottobre-2025","status":"publish","type":"post","link":"https:\/\/visitsirmione.com\/en\/lautunno-in-mille-scatti-sirmione-capitale-della-fotografia-ottobre-2025\/","title":{"rendered":"Autumn in a Thousand Snapshots: Sirmione, the Capital of Photography"},"content":{"rendered":"<p><img loading=\"lazy\" decoding=\"async\" class=\"editor-img alignnone wp-image-114410 size-large\" src=\"https:\/\/visitsirmione.com\/wp-content\/uploads\/2025\/10\/8x2-ottobre-fotografia-dicono-di-noi-ottobre-2025-826x207.jpg\" alt=\"\" width=\"826\" height=\"207\" srcset=\"https:\/\/visitsirmione.com\/wp-content\/uploads\/2025\/10\/8x2-ottobre-fotografia-dicono-di-noi-ottobre-2025-826x207.jpg 826w, https:\/\/visitsirmione.com\/wp-content\/uploads\/2025\/10\/8x2-ottobre-fotografia-dicono-di-noi-ottobre-2025-568x142.jpg 568w, https:\/\/visitsirmione.com\/wp-content\/uploads\/2025\/10\/8x2-ottobre-fotografia-dicono-di-noi-ottobre-2025-374x94.jpg 374w, https:\/\/visitsirmione.com\/wp-content\/uploads\/2025\/10\/8x2-ottobre-fotografia-dicono-di-noi-ottobre-2025-794x199.jpg 794w, https:\/\/visitsirmione.com\/wp-content\/uploads\/2025\/10\/8x2-ottobre-fotografia-dicono-di-noi-ottobre-2025.jpg 1248w\" sizes=\"auto, (max-width: 826px) 100vw, 826px\" \/><\/p>\n<p data-pm-slice=\"1 1 []\">Quando l\u2019autunno tinge il Garda di luce dorata,\u00a0<strong>Sirmione<\/strong>\u00a0si conferma protagonista della scena fotografica italiana. Il\u00a0<strong>Corriere della Sera<\/strong>\u00a0e il\u00a0<strong>Giornale di Brescia<\/strong>\u00a0raccontano\u00a0<a href=\"https:\/\/visitsirmione.com\/en\/ottobre-della-fotografia-ottobre-2025\/\" target=\"_blank\" rel=\"noopener\"><strong>l\u2019Ottobre sirmionese della fotografia<\/strong><\/a>: una rassegna che trasforma il borgo gardesano in un grande laboratorio creativo tra concorsi, formazione, incontri con autori internazionali e mostre che celebrano la potenza dello sguardo. Un appuntamento che, come ogni anno, unisce la magia del paesaggio alla passione per l\u2019immagine.<\/p>\n<p><em>&#8220;Con l&#8217;arrivo dell&#8217;autunno, quando le foglie accendono il lago di Garda di sfumature dorate e ramate, Sirmione si prepara a indossare la veste di capitale italiana della fotografia. La rassegna \u00abOttobre della fotografia\u00bb, promossa dal Comune, trasforma il borgo in un laboratorio creativo a cielo aperto, capace di richiamare professionisti e appassionati da ogni parte d&#8217;Italia. Cuore pulsante della manifestazione sono i due concorsi che da<\/em><br \/>\n<em>anni animano con successo la scena locale. Il primo, la <strong>Sirmione foto Marathon<\/strong>, \u00e8 una sfida di resistenza e creativit\u00e0 che si terr\u00e0 domenica 12 ottobre: dalle 10 alle 18, i partecipanti avranno 8 ore per interpretare quattro temi segreti, trasformando strade, piazze e scorci della penisola in una grande galleria a cielo aperto.<\/em><\/p>\n<p><em>Per chi preferisce un approccio pi\u00f9 repulsivo, il <strong>Lake Garda Photo Challenge<\/strong> offre tempi pi\u00f9 distesi e un respiro pi\u00f9 ampio. Aperto fino a venerd\u00ec 31 ottobre, il concorso estende lo sguardo non solo a Sirmione ma all&#8217;intero lago di Garda, invitando a esplorare prospettive inedite attraverso quattro filoni: due temi principali e due speciali dedicati alle \u00abCantine del Lugana\u00bb e ai \u00abMargini\u00bb. L&#8217;autunno sirmionese \u00e8 anche occasione per incontrare grandi professionisti della fotografia internazionale. Atteso l&#8217;incontro con <strong>Hiro Tanaka<\/strong>, nuovo artista della Sirmione Photo Residency che venerd\u00ec 17 ottobre all&#8217;Hotel Catullo presenter\u00e0 il progetto\u00a0\u00abChicharr\u00f3n\u00bb in dialogo con la giornalista Francesca Roman. Venerd\u00ec 24 ottobre, Palazzo Callas Exhibitions ospiter\u00e0 la presentazione del libro \u00abVenature\u00bb di <strong>Mattia Marzorati<\/strong>, insieme al progetto fotografico dell\u2019edizione 2024, in un dibattito con Michele Smargiassi di Repubblica e Ludovica Pellegatta di Magnum Photos. Nel frattempo, gli scatti vincitori del Premio Sirmione per la Fotografia 2024 saranno esposti a Palazzo Callas nella mostra \u00ab<strong>Fit \u2022 Every Size Matters<\/strong>\u00bb, visitabile fino al 9 novembre [&#8230;]&#8221;.<\/em><\/p>\n<p><strong><a href=\"https:\/\/visitsirmione.com\/wp-content\/uploads\/2025\/10\/20251008-CDS-Giovanni-Vigna-Ottobre-fotografia-ART.pdf\">Leggi l&#8217;articolo completo di Giovanni Vigna sul Corriere della Sera<\/a><\/strong><\/p>\n<p>Anche <strong>Francesca Roman<\/strong> parla ampiamente dell&#8217;ottobre sirmionese della fotografia con <a href=\"https:\/\/visitsirmione.com\/wp-content\/uploads\/2025\/10\/20251007-GDB-Francesca-Roman-Ottobre3-fotografia-ART.pdf\" target=\"_blank\" rel=\"noopener\"><strong>un bell&#8217;articolo pubblicato sul Giornale di Brescia<\/strong><\/a><\/p>\n<p><strong><a href=\"https:\/\/visitsirmione.com\/en\/ottobre-della-fotografia-ottobre-2025\/\" target=\"_blank\" rel=\"noopener\">Ottobre della fotografia<\/a><\/strong><\/p>\n<figure id=\"attachment_114412\" aria-describedby=\"caption-attachment-114412\" class=\"wp-caption alignnone\"><img loading=\"lazy\" decoding=\"async\" class=\"editor-img wp-image-114412 size-large\" src=\"https:\/\/visitsirmione.com\/wp-content\/uploads\/2025\/10\/SPM-2022-T03-ALLEGRO-2585-Terzo-Alessio-826x551.jpg\" alt=\"\" width=\"826\" height=\"551\" srcset=\"https:\/\/visitsirmione.com\/wp-content\/uploads\/2025\/10\/SPM-2022-T03-ALLEGRO-2585-Terzo-Alessio-826x551.jpg 826w, https:\/\/visitsirmione.com\/wp-content\/uploads\/2025\/10\/SPM-2022-T03-ALLEGRO-2585-Terzo-Alessio-568x379.jpg 568w, https:\/\/visitsirmione.com\/wp-content\/uploads\/2025\/10\/SPM-2022-T03-ALLEGRO-2585-Terzo-Alessio-374x249.jpg 374w, https:\/\/visitsirmione.com\/wp-content\/uploads\/2025\/10\/SPM-2022-T03-ALLEGRO-2585-Terzo-Alessio-744x496.jpg 744w, https:\/\/visitsirmione.com\/wp-content\/uploads\/2025\/10\/SPM-2022-T03-ALLEGRO-2585-Terzo-Alessio.jpg 1248w\" sizes=\"auto, (max-width: 826px) 100vw, 826px\" \/><figcaption id=\"caption-attachment-114412\" class=\"wp-caption-text\">Ph: Alessio Terzo, Premio Sirmione per la Fotografia, 2022<\/figcaption><\/figure>\n","protected":false},"excerpt":{"rendered":"<p>Quando l\u2019autunno tinge il Garda di luce dorata,\u00a0Sirmione\u00a0si conferma protagonista della scena fotografica italiana. Il\u00a0Corriere della Sera\u00a0e il\u00a0Giornale di Brescia\u00a0raccontano\u00a0l\u2019Ottobre sirmionese della fotografia: una rassegna che trasforma il borgo gardesano in un grande laboratorio creativo tra concorsi, formazione, incontri con autori internazionali e mostre che celebrano la potenza dello sguardo. Un appuntamento che, come ogni [&hellip;]<\/p>\n","protected":false},"author":3,"featured_media":114409,"comment_status":"closed","ping_status":"open","sticky":false,"template":"","format":"standard","meta":{"_acf_changed":false,"footnotes":""},"categories":[15],"tags":[],"class_list":["post-114425","post","type-post","status-publish","format-standard","has-post-thumbnail","hentry","category-news","liste-dicono-di-noi","liste-fotografia"],"acf":[],"_links":{"self":[{"href":"https:\/\/visitsirmione.com\/en\/wp-json\/wp\/v2\/posts\/114425","targetHints":{"allow":["GET"]}}],"collection":[{"href":"https:\/\/visitsirmione.com\/en\/wp-json\/wp\/v2\/posts"}],"about":[{"href":"https:\/\/visitsirmione.com\/en\/wp-json\/wp\/v2\/types\/post"}],"author":[{"embeddable":true,"href":"https:\/\/visitsirmione.com\/en\/wp-json\/wp\/v2\/users\/3"}],"replies":[{"embeddable":true,"href":"https:\/\/visitsirmione.com\/en\/wp-json\/wp\/v2\/comments?post=114425"}],"version-history":[{"count":5,"href":"https:\/\/visitsirmione.com\/en\/wp-json\/wp\/v2\/posts\/114425\/revisions"}],"predecessor-version":[{"id":114436,"href":"https:\/\/visitsirmione.com\/en\/wp-json\/wp\/v2\/posts\/114425\/revisions\/114436"}],"wp:featuredmedia":[{"embeddable":true,"href":"https:\/\/visitsirmione.com\/en\/wp-json\/wp\/v2\/media\/114409"}],"wp:attachment":[{"href":"https:\/\/visitsirmione.com\/en\/wp-json\/wp\/v2\/media?parent=114425"}],"wp:term":[{"taxonomy":"category","embeddable":true,"href":"https:\/\/visitsirmione.com\/en\/wp-json\/wp\/v2\/categories?post=114425"},{"taxonomy":"post_tag","embeddable":true,"href":"https:\/\/visitsirmione.com\/en\/wp-json\/wp\/v2\/tags?post=114425"}],"curies":[{"name":"wp","href":"https:\/\/api.w.org\/{rel}","templated":true}]}}