{"id":101057,"date":"2025-01-28T09:05:48","date_gmt":"2025-01-28T08:05:48","guid":{"rendered":"https:\/\/visitsirmione.com\/?p=101057"},"modified":"2025-02-13T14:50:33","modified_gmt":"2025-02-13T13:50:33","slug":"fotografia-pratica-marzo-2025","status":"publish","type":"post","link":"https:\/\/visitsirmione.com\/en\/fotografia-pratica-marzo-2025\/","title":{"rendered":"Practical Photography"},"content":{"rendered":"<p><img loading=\"lazy\" decoding=\"async\" class=\"editor-img alignnone wp-image-101031 size-full\" src=\"https:\/\/visitsirmione.com\/wp-content\/uploads\/2025\/01\/8x2-Fotografia-Pratica-ph.freepik-Marzo-2025.jpg\" alt=\"\" width=\"826\" height=\"207\" srcset=\"https:\/\/visitsirmione.com\/wp-content\/uploads\/2025\/01\/8x2-Fotografia-Pratica-ph.freepik-Marzo-2025.jpg 826w, https:\/\/visitsirmione.com\/wp-content\/uploads\/2025\/01\/8x2-Fotografia-Pratica-ph.freepik-Marzo-2025-568x142.jpg 568w, https:\/\/visitsirmione.com\/wp-content\/uploads\/2025\/01\/8x2-Fotografia-Pratica-ph.freepik-Marzo-2025-374x94.jpg 374w, https:\/\/visitsirmione.com\/wp-content\/uploads\/2025\/01\/8x2-Fotografia-Pratica-ph.freepik-Marzo-2025-794x199.jpg 794w\" sizes=\"auto, (max-width: 826px) 100vw, 826px\" \/><\/p>\n<p><strong>Fotografia Pratica<\/strong><br \/>\n<strong>I segreti della fotografia in 6 lezioni, in aula e all&#8217;aperto<br \/>\n<\/strong>con<strong> Roberto Bellini <\/strong>e<strong> Antonello Perin<\/strong><\/p>\n<p><strong>3 lezioni in Biblioteca: <\/strong>marted\u00ec 4, marted\u00ec 11 e luned\u00ec 17 marzo 2025, dalle 20:30 alle 22:30<br \/>\n<strong>3 uscite fotografiche: <\/strong>il sabato pomeriggio; 8, 15 e 22 marzo 2025<\/p>\n<h3><strong>Programma del corso:<\/strong><br \/>\n<del><\/del><\/h3>\n<ul>\n<li><strong>4 marzo<\/strong> &#8211; Tecnica della fotografia e corretto uso delle attrezzature<\/li>\n<li><strong>8 marzo<\/strong> &#8211; Uscita fotografica nel Centro storico di Sirmione per familiarizzare con le nozioni della prima lezione<\/li>\n<li><strong>11 marzo<\/strong> &#8211; La composizione e il modo di vedere fotograficamente<\/li>\n<li><strong>15 marzo<\/strong> &#8211; Uscita fotografica alla Casa del Pescatore con esercizi sulla composizione e scelta del soggetto<\/li>\n<li><strong>17 marzo<\/strong> &#8211; Lettura e analisi delle immagini realizzate nella seconda uscita e cenni di post-produzione<\/li>\n<li><strong>22 marzo<\/strong> &#8211; Uscita fotografica alle Grotte di Catullo<\/li>\n<\/ul>\n<h3><strong>Punti forza:<\/strong><\/h3>\n<ul>\n<li><strong>Accessibilit\u00e0<\/strong>: Non \u00e8 necessario possedere una fotocamera professionale. Anche uno smartphone \u00e8 sufficiente per seguire il corso e migliorare la propria tecnica.<\/li>\n<li><strong>Teoria e pratica<\/strong>: Ogni concetto appreso in aula sar\u00e0 subito applicato nelle uscite fotografiche, per un apprendimento completo e immediato e sotto la guida di due fotografi professionisti.<\/li>\n<li><strong>Luoghi unici<\/strong>: Le Grotte di Catullo saranno teatro di una delle uscite fotografiche, una rara occasione per fotografare in un luogo di grande fascino storico e artistico, solitamente soggetto a restrizioni per i fotografi.<\/li>\n<\/ul>\n<h3><strong>I docenti:<\/strong><\/h3>\n<p><a href=\"https:\/\/www.fotorobertobellini.it\/\" target=\"_blank\" rel=\"noopener\"><strong>Roberto Bellini<\/strong><\/a>, fotografo sirmionese, riguardo alla fotografia e d&#8217;accordo con Annie Leibovitz, che cos\u00ec ha scritto: &#8220;<em>Non si smette mai di guardare. Non si smette mai di inquadrare. Non c&#8217;\u00e8 un interruttore per accendere e spegnere. \u00c8 sempre in funzione&#8221;<\/em><\/p>\n<p><a href=\"https:\/\/www.antonelloperinfotografo.it\/\" target=\"_blank\" rel=\"noopener\"><strong>Antonello Perin<\/strong><\/a>, anche lui fotografo di Sirmione, approva e condivide una citazione di Ugo Mulas, riportata da Gianni Berengo Gardin<em>: <\/em><em>&#8220;Una foto deve essere buona, non bella. Perch\u00e9 la foto bella pu\u00f2 essere tecnicamente a posto, piacevole, per\u00f2 pu\u00f2 non raccontare niente. La buona fotografia pu\u00f2 essere mossa e sfocata, ma racconta, parla. L\u2019importante \u00e8 fare buone fotografie&#8221;.<\/em><\/p>\n<h3><strong>Informazioni e iscrizioni:<\/strong><\/h3>\n<ul>\n<li><em>Ufficio Cultura e Turismo del Comune di Sirmione, 030 9909184 \/ cultura@sirmionebs.it<br \/>\n<\/em><em><em>Costo del corso: <strong>\u20ac 150<\/strong>, con uno <strong>sconto del 50% per i sirmionesi<\/strong>. L&#8217;ingresso alle Grotte di Catullo non \u00e8 incluso.<\/em><\/em><\/li>\n<li><em>Il corso partir\u00e0 con un minimo di 10 iscritti.<br \/>\n<\/em>Iscrizioni <strong>entro venerd\u00ec 28 febbraio<\/strong>.<\/li>\n<\/ul>\n<p><a href=\"https:\/\/visitsirmione.com\/wp-content\/uploads\/2025\/01\/20250304-Fotografia-Pratica-Loc.pdf\" target=\"_blank\" rel=\"noopener\"><strong>Fotografia Pratica, la locandina<\/strong><\/a>\u00a0e il <a href=\"https:\/\/visitsirmione.com\/wp-content\/uploads\/2025\/01\/20250131-Fotografia-Pratica-COMUNICATO-STAMPA.pdf\" target=\"_blank\" rel=\"noopener\"><strong>comunicato stampa<\/strong><\/a><\/p>\n<p><img loading=\"lazy\" decoding=\"async\" class=\"editor-img alignnone wp-image-101034 size-full\" src=\"https:\/\/visitsirmione.com\/wp-content\/uploads\/2025\/01\/8x5-Fotografia-Pratica-ph.freepik-Marzo-2025.jpg\" alt=\"\" width=\"826\" height=\"516\" srcset=\"https:\/\/visitsirmione.com\/wp-content\/uploads\/2025\/01\/8x5-Fotografia-Pratica-ph.freepik-Marzo-2025.jpg 826w, https:\/\/visitsirmione.com\/wp-content\/uploads\/2025\/01\/8x5-Fotografia-Pratica-ph.freepik-Marzo-2025-568x355.jpg 568w, https:\/\/visitsirmione.com\/wp-content\/uploads\/2025\/01\/8x5-Fotografia-Pratica-ph.freepik-Marzo-2025-374x234.jpg 374w, https:\/\/visitsirmione.com\/wp-content\/uploads\/2025\/01\/8x5-Fotografia-Pratica-ph.freepik-Marzo-2025-794x496.jpg 794w\" sizes=\"auto, (max-width: 826px) 100vw, 826px\" \/><\/p>\n","protected":false},"excerpt":{"rendered":"<p>Fotografia Pratica I segreti della fotografia in 6 lezioni, in aula e all&#8217;aperto con Roberto Bellini e Antonello Perin 3 lezioni in Biblioteca: marted\u00ec 4, marted\u00ec 11 e luned\u00ec 17 marzo 2025, dalle 20:30 alle 22:30 3 uscite fotografiche: il sabato pomeriggio; 8, 15 e 22 marzo 2025 Programma del corso: 4 marzo &#8211; Tecnica [&hellip;]<\/p>\n","protected":false},"author":3,"featured_media":101034,"comment_status":"closed","ping_status":"open","sticky":false,"template":"","format":"standard","meta":{"_acf_changed":false,"footnotes":""},"categories":[15],"tags":[],"class_list":["post-101057","post","type-post","status-publish","format-standard","has-post-thumbnail","hentry","category-news","liste-biblioteca","liste-fotografia"],"acf":[],"_links":{"self":[{"href":"https:\/\/visitsirmione.com\/en\/wp-json\/wp\/v2\/posts\/101057","targetHints":{"allow":["GET"]}}],"collection":[{"href":"https:\/\/visitsirmione.com\/en\/wp-json\/wp\/v2\/posts"}],"about":[{"href":"https:\/\/visitsirmione.com\/en\/wp-json\/wp\/v2\/types\/post"}],"author":[{"embeddable":true,"href":"https:\/\/visitsirmione.com\/en\/wp-json\/wp\/v2\/users\/3"}],"replies":[{"embeddable":true,"href":"https:\/\/visitsirmione.com\/en\/wp-json\/wp\/v2\/comments?post=101057"}],"version-history":[{"count":8,"href":"https:\/\/visitsirmione.com\/en\/wp-json\/wp\/v2\/posts\/101057\/revisions"}],"predecessor-version":[{"id":101888,"href":"https:\/\/visitsirmione.com\/en\/wp-json\/wp\/v2\/posts\/101057\/revisions\/101888"}],"wp:featuredmedia":[{"embeddable":true,"href":"https:\/\/visitsirmione.com\/en\/wp-json\/wp\/v2\/media\/101034"}],"wp:attachment":[{"href":"https:\/\/visitsirmione.com\/en\/wp-json\/wp\/v2\/media?parent=101057"}],"wp:term":[{"taxonomy":"category","embeddable":true,"href":"https:\/\/visitsirmione.com\/en\/wp-json\/wp\/v2\/categories?post=101057"},{"taxonomy":"post_tag","embeddable":true,"href":"https:\/\/visitsirmione.com\/en\/wp-json\/wp\/v2\/tags?post=101057"}],"curies":[{"name":"wp","href":"https:\/\/api.w.org\/{rel}","templated":true}]}}